{"id":3134,"date":"2026-09-04T11:18:50","date_gmt":"2026-09-04T09:18:50","guid":{"rendered":"https:\/\/biosferaalpigiulie.it\/?p=3134"},"modified":"2026-09-04T11:20:59","modified_gmt":"2026-09-04T09:20:59","slug":"convegno-il-mondo-ipogeo-del-canin","status":"publish","type":"post","link":"https:\/\/biosferaalpigiulie.it\/en\/convegno-il-mondo-ipogeo-del-canin\/","title":{"rendered":"CONVEGNO &#8220;IL MONDO IPOGEO DEL CANIN&#8221;"},"content":{"rendered":"<p>[et_pb_section fb_built=&#8221;1&#8243; theme_builder_area=&#8221;post_content&#8221; _builder_version=&#8221;4.27.7&#8243; _module_preset=&#8221;default&#8221;][et_pb_row _builder_version=&#8221;4.27.7&#8243; _module_preset=&#8221;default&#8221; theme_builder_area=&#8221;post_content&#8221;][et_pb_column _builder_version=&#8221;4.27.7&#8243; _module_preset=&#8221;default&#8221; type=&#8221;4_4&#8243; theme_builder_area=&#8221;post_content&#8221;][et_pb_text _builder_version=&#8221;4.27.7&#8243; _module_preset=&#8221;default&#8221; theme_builder_area=&#8221;post_content&#8221; hover_enabled=&#8221;0&#8243; sticky_enabled=&#8221;0&#8243;]<\/p>\n<h4 data-block-key=\"5jg0h\"><b>Il mondo ipogeo del Canin: alla scoperta della geologia e delle esplorazioni del Massiccio in occasione della prima Giornata Internazionale delle grotte e del carsismo<\/b><\/h4>\n<p data-block-key=\"88r3a\">Chiusaforte, 13 settembre 2026 \u2013 Una giornata dedicata alla conoscenza del patrimonio geologico e speleologico del Monte Canin, uno degli ambienti carsici pi\u00f9 importanti delle Alpi Giulie. \u00c8 questo il tema dell\u2019incontro \u201cIl mondo ipogeo del Canin\u201d, in programma domenica 13 settembre alle ore 10.00 presso il Centro Polifunzionale Sella Nevea di Chiusaforte.<\/p>\n<p data-block-key=\"8pftm\">L\u2019iniziativa, organizzata dal Parco naturale delle Prealpi Giulie in collaborazione con il Club Alpinistico Triestino e realizzata con il contributo del Servizio geologico della Regione Autonoma Friuli Venezia Giulia, propone un ricco programma di interventi dedicati alla geodiversit\u00e0, alla geologia e alla speleologia del Monte Canin.<\/p>\n<p data-block-key=\"83vqh\">Nel corso della mattinata si alterneranno contributi dedicati alla geodiversit\u00e0 del Friuli Venezia Giulia, alla formazione e alle peculiarit\u00e0 geologiche del Canin e alla lunga storia delle esplorazioni speleologiche che hanno interessato il massiccio, sia sul versante italiano sia su quello sloveno. Esperti italiani, sloveni ed ungheresi tratteranno, con l\u2019aiuto di immagini e video, di un patrimonio di conoscenze costruito attraverso decenni di studi, campi speleologici ed esplorazioni, che hanno permesso di portare alla luce un complesso sistema di cavit\u00e0, abissi, sorgenti e fenomeni carsici di enorme interesse. Basti solo ricordare che le profondit\u00e0 del Massiccio ospitano la pi\u00f9 grande grotta d\u2019Italia, che si sviluppa per oltre 80 km.<\/p>\n<p data-block-key=\"d3hke\">L\u2019appuntamento rappresenta un\u2019occasione per conoscere pi\u00f9 da vicino un patrimonio naturale straordinario, attraverso il racconto di geologi, speleologi e appassionati che da decenni ne studiano e ne esplorano le profondit\u00e0.<\/p>\n<p data-block-key=\"1c9md\">L\u2019ingresso \u00e8 gratuito.<\/p>\n<p data-block-key=\"ffhlc\">L\u2019iniziativa si inserisce nelle celebrazioni prima Giornata Internazionale delle grotte e del carsismo, istituita dall\u2019Unesco e dedicata alla conoscenza e alla valorizzazione degli ambienti carsici e ipogei.<\/p>\n<p>[\/et_pb_text][\/et_pb_column][\/et_pb_row][et_pb_row _builder_version=&#8221;4.27.7&#8243; _module_preset=&#8221;default&#8221; theme_builder_area=&#8221;post_content&#8221;][et_pb_column _builder_version=&#8221;4.27.7&#8243; _module_preset=&#8221;default&#8221; type=&#8221;4_4&#8243; theme_builder_area=&#8221;post_content&#8221;][et_pb_image src=&#8221;https:\/\/biosferaalpigiulie.it\/wp-content\/uploads\/2026\/09\/Locandina_convegno_Il_mondo_ipogeo_del_Canin-13092026.jpg&#8221; _builder_version=&#8221;4.27.7&#8243; _module_preset=&#8221;default&#8221; theme_builder_area=&#8221;post_content&#8221; title_text=&#8221;Locandina_convegno_Il_mondo_ipogeo_del_Canin &#8211; 13092026&#8243; hover_enabled=&#8221;0&#8243; sticky_enabled=&#8221;0&#8243;][\/et_pb_image][\/et_pb_column][\/et_pb_row][\/et_pb_section]<\/p>\n","protected":false},"excerpt":{"rendered":"<p>Il mondo ipogeo del Canin: alla scoperta della geologia e delle esplorazioni del Massiccio in occasione della prima Giornata Internazionale delle grotte e del carsismo Chiusaforte, 13 settembre 2026 \u2013 Una giornata dedicata alla conoscenza del patrimonio geologico e speleologico del Monte Canin, uno degli ambienti carsici pi\u00f9 importanti delle Alpi Giulie. \u00c8 questo il [&hellip;]<\/p>\n","protected":false},"author":2,"featured_media":3135,"comment_status":"closed","ping_status":"closed","sticky":false,"template":"","format":"standard","meta":{"_et_pb_use_builder":"on","_et_pb_old_content":"","_et_gb_content_width":"","footnotes":""},"categories":[12],"tags":[28,34,31],"class_list":["post-3134","post","type-post","status-publish","format-standard","has-post-thumbnail","hentry","category-news","tag-geologia","tag-parco-naturale-prealpi-giulie","tag-riserva-della-biosfera-alpi-giulie"],"_links":{"self":[{"href":"https:\/\/biosferaalpigiulie.it\/en\/wp-json\/wp\/v2\/posts\/3134","targetHints":{"allow":["GET"]}}],"collection":[{"href":"https:\/\/biosferaalpigiulie.it\/en\/wp-json\/wp\/v2\/posts"}],"about":[{"href":"https:\/\/biosferaalpigiulie.it\/en\/wp-json\/wp\/v2\/types\/post"}],"author":[{"embeddable":true,"href":"https:\/\/biosferaalpigiulie.it\/en\/wp-json\/wp\/v2\/users\/2"}],"replies":[{"embeddable":true,"href":"https:\/\/biosferaalpigiulie.it\/en\/wp-json\/wp\/v2\/comments?post=3134"}],"version-history":[{"count":4,"href":"https:\/\/biosferaalpigiulie.it\/en\/wp-json\/wp\/v2\/posts\/3134\/revisions"}],"predecessor-version":[{"id":3144,"href":"https:\/\/biosferaalpigiulie.it\/en\/wp-json\/wp\/v2\/posts\/3134\/revisions\/3144"}],"wp:featuredmedia":[{"embeddable":true,"href":"https:\/\/biosferaalpigiulie.it\/en\/wp-json\/wp\/v2\/media\/3135"}],"wp:attachment":[{"href":"https:\/\/biosferaalpigiulie.it\/en\/wp-json\/wp\/v2\/media?parent=3134"}],"wp:term":[{"taxonomy":"category","embeddable":true,"href":"https:\/\/biosferaalpigiulie.it\/en\/wp-json\/wp\/v2\/categories?post=3134"},{"taxonomy":"post_tag","embeddable":true,"href":"https:\/\/biosferaalpigiulie.it\/en\/wp-json\/wp\/v2\/tags?post=3134"}],"curies":[{"name":"wp","href":"https:\/\/api.w.org\/{rel}","templated":true}]}}