{"id":2547,"date":"2026-03-17T15:15:12","date_gmt":"2026-03-17T14:15:12","guid":{"rendered":"https:\/\/biosferaalpigiulie.it\/?p=2547"},"modified":"2026-03-17T15:15:29","modified_gmt":"2026-03-17T14:15:29","slug":"la-riserva-della-biosfera-alpi-giulie-partecipera-alla-2a-edizione-della-fiera-del-tempo-libero-alpe-adria","status":"publish","type":"post","link":"https:\/\/biosferaalpigiulie.it\/en\/la-riserva-della-biosfera-alpi-giulie-partecipera-alla-2a-edizione-della-fiera-del-tempo-libero-alpe-adria\/","title":{"rendered":"LA RISERVA DELLA BIOSFERA ALPI GIULIE PARTECIPER\u00c0 ALLA 2a EDIZIONE DELLA FIERA DEL TEMPO LIBERO ALPE ADRIA"},"content":{"rendered":"<p>[et_pb_section fb_built=&#8221;1&#8243; theme_builder_area=&#8221;post_content&#8221; _builder_version=&#8221;4.27.5&#8243; _module_preset=&#8221;default&#8221;][et_pb_row _builder_version=&#8221;4.27.5&#8243; _module_preset=&#8221;default&#8221; theme_builder_area=&#8221;post_content&#8221;][et_pb_column _builder_version=&#8221;4.27.5&#8243; _module_preset=&#8221;default&#8221; type=&#8221;4_4&#8243; theme_builder_area=&#8221;post_content&#8221;][et_pb_text _builder_version=&#8221;4.27.5&#8243; _module_preset=&#8221;default&#8221; theme_builder_area=&#8221;post_content&#8221; hover_enabled=&#8221;0&#8243; sticky_enabled=&#8221;0&#8243;]<\/p>\n<p>La Riserva della Biosfera MaB Unesco Alpi Giulie parteciper\u00e0 alla seconda edizione di ALPE ADRIA FIERA DEL TEMPO LIBERO, salone del tempo libero, del divertimento e della vita all&#8217;aria aperta.<\/p>\n<p>L\u2019evento si terr\u00e0 a Udine il 21 e 22 marzo 2026 e sar\u00e0 una vetrina per le molteplici offerte di visita e conoscenza rivolte ai potenziali fruitori.<\/p>\n<p>La partecipazione \u00e8 stata decisa in maniera unanime dal Comitato di gestione della Riserva che racchiude 11 Comuni della Montagna friulana (Artegna, Chiusaforte, Dogna, Gemona del Friuli, Lusevera, Moggio Udinese, Montenars, Resia, Resiutta, Taipana e Venzone). L\u2019idea che sta alla base della scelta \u00e8 che la partecipazione unitaria sotto il cappello della Riserva della Biosfera possa costituire una significativa vetrina delle straordinarie caratteristiche ambientali e culturali di questo territorio.<\/p>\n<p>La manifestazione sar\u00e0 infatti l\u2019occasione per presentare a un vasto pubblico le peculiarit\u00e0 di un\u2019area che si distingue per la ricchezza di flora, fauna e paesaggi oltre che per un patrimonio culturale di notevole valore.<br \/>Basti infatti citare luoghi come il Parco naturale delle Prealpi Giulie, la Riserva naturale della Val Alba, LE Grotte di Villanova o Venzone oppure edifici storici come il Duomo di Gemona, l\u2019abbazia di Moggio, il Castello Savorgnan di Artegna o ancora la specificit\u00e0 della cultura e delle tradizioni della Val Resia per comprendere la bellezza e l\u2019importanza della Riserva della Biosfera. Non mancano inoltre le possibilit\u00e0 delle attivit\u00e0 all\u2019aria aperta, dalle passeggiate adatte a tutti alla pratica degli sport pi\u00f9 adrenalinici come il kayak e il parapendio.<\/p>\n<p>Per valorizzare queste risorse e farle conoscere ad un ampio pubblico c\u2019\u00e8 il costante impegno di Comuni ed Associazioni locali che attraverso la gestione di Musei ed Ecomusei e l\u2019organizzazione di incontri, eventi ed escursioni vogliono far assaporare ai visitatori l\u2019essenza del territorio.<\/p>\n<p>La Fiera quindi rappresenter\u00e0 il luogo di sintesi di queste offerte, organizzato per essere il punto d\u2019incontro con i visitatori interessati a vivere esperienze in luoghi ancora poco conosciuti.<br \/>Qui infatti sar\u00e0 possibile incontrare le realt\u00e0 locali ed ascoltare dalla viva voce dei loro rappresentanti le proposte per trascorrere uno o pi\u00f9 in giorni circondati dalla natura, in totale relax o praticando qualche interessante attivit\u00e0 sportiva outdoor, per poi poter degustare qualche specialit\u00e0 locale o immergersi nell\u2019accogliente atmosfera dei borghi e di qualche sagra.<br \/>In particolare tutti gli interessati potranno conoscere in dettaglio la Riserva, i suoi punti pi\u00f9 significativi e le proposte di fruizione nel corso di una conferenza che si terr\u00e0 sabato 21 marzo alle ore 11.00 presso la Sala bianca della Fiera. L\u2019obiettivo \u00e8 quello di far comprendere che nella Riserva della Biosfera Alpi Giulie \u00e8 possibile vivere un\u2019esperienza a 360\u00b0.<\/p>\n<p>[\/et_pb_text][\/et_pb_column][\/et_pb_row][et_pb_row _builder_version=&#8221;4.27.5&#8243; _module_preset=&#8221;default&#8221; theme_builder_area=&#8221;post_content&#8221;][et_pb_column _builder_version=&#8221;4.27.5&#8243; _module_preset=&#8221;default&#8221; type=&#8221;4_4&#8243; theme_builder_area=&#8221;post_content&#8221;][et_pb_image src=&#8221;https:\/\/biosferaalpigiulie.it\/wp-content\/uploads\/2026\/03\/locandina-udine_DEF-stampa_page-0001.jpg&#8221; _builder_version=&#8221;4.27.5&#8243; _module_preset=&#8221;default&#8221; theme_builder_area=&#8221;post_content&#8221; title_text=&#8221;locandina udine_DEF stampa_page-0001&#8243; hover_enabled=&#8221;0&#8243; sticky_enabled=&#8221;0&#8243;][\/et_pb_image][\/et_pb_column][\/et_pb_row][\/et_pb_section]<\/p>\n","protected":false},"excerpt":{"rendered":"<p>La Riserva della Biosfera MaB Unesco Alpi Giulie parteciper\u00e0 alla seconda edizione di ALPE ADRIA FIERA DEL TEMPO LIBERO, salone del tempo libero, del divertimento e della vita all&#8217;aria aperta. L\u2019evento si terr\u00e0 a Udine il 21 e 22 marzo 2026 e sar\u00e0 una vetrina per le molteplici offerte di visita e conoscenza rivolte ai [&hellip;]<\/p>\n","protected":false},"author":2,"featured_media":430,"comment_status":"closed","ping_status":"closed","sticky":false,"template":"","format":"standard","meta":{"_et_pb_use_builder":"on","_et_pb_old_content":"","_et_gb_content_width":"","footnotes":""},"categories":[12],"tags":[],"class_list":["post-2547","post","type-post","status-publish","format-standard","has-post-thumbnail","hentry","category-news"],"_links":{"self":[{"href":"https:\/\/biosferaalpigiulie.it\/en\/wp-json\/wp\/v2\/posts\/2547","targetHints":{"allow":["GET"]}}],"collection":[{"href":"https:\/\/biosferaalpigiulie.it\/en\/wp-json\/wp\/v2\/posts"}],"about":[{"href":"https:\/\/biosferaalpigiulie.it\/en\/wp-json\/wp\/v2\/types\/post"}],"author":[{"embeddable":true,"href":"https:\/\/biosferaalpigiulie.it\/en\/wp-json\/wp\/v2\/users\/2"}],"replies":[{"embeddable":true,"href":"https:\/\/biosferaalpigiulie.it\/en\/wp-json\/wp\/v2\/comments?post=2547"}],"version-history":[{"count":3,"href":"https:\/\/biosferaalpigiulie.it\/en\/wp-json\/wp\/v2\/posts\/2547\/revisions"}],"predecessor-version":[{"id":2555,"href":"https:\/\/biosferaalpigiulie.it\/en\/wp-json\/wp\/v2\/posts\/2547\/revisions\/2555"}],"wp:featuredmedia":[{"embeddable":true,"href":"https:\/\/biosferaalpigiulie.it\/en\/wp-json\/wp\/v2\/media\/430"}],"wp:attachment":[{"href":"https:\/\/biosferaalpigiulie.it\/en\/wp-json\/wp\/v2\/media?parent=2547"}],"wp:term":[{"taxonomy":"category","embeddable":true,"href":"https:\/\/biosferaalpigiulie.it\/en\/wp-json\/wp\/v2\/categories?post=2547"},{"taxonomy":"post_tag","embeddable":true,"href":"https:\/\/biosferaalpigiulie.it\/en\/wp-json\/wp\/v2\/tags?post=2547"}],"curies":[{"name":"wp","href":"https:\/\/api.w.org\/{rel}","templated":true}]}}