{"id":2538,"date":"2026-03-16T10:10:50","date_gmt":"2026-03-16T09:10:50","guid":{"rendered":"https:\/\/biosferaalpigiulie.it\/?p=2538"},"modified":"2026-03-17T15:15:33","modified_gmt":"2026-03-17T14:15:33","slug":"festa-del-brovedar-2026","status":"publish","type":"post","link":"https:\/\/biosferaalpigiulie.it\/en\/festa-del-brovedar-2026\/","title":{"rendered":"FESTA DEL BROVED\u00c2R 2026"},"content":{"rendered":"<p>[et_pb_section fb_built=&#8221;1&#8243; theme_builder_area=&#8221;post_content&#8221; _builder_version=&#8221;4.27.5&#8243; _module_preset=&#8221;default&#8221;][et_pb_row _builder_version=&#8221;4.27.5&#8243; _module_preset=&#8221;default&#8221; theme_builder_area=&#8221;post_content&#8221;][et_pb_column _builder_version=&#8221;4.27.5&#8243; _module_preset=&#8221;default&#8221; type=&#8221;4_4&#8243; theme_builder_area=&#8221;post_content&#8221;][et_pb_text _builder_version=&#8221;4.27.5&#8243; _module_preset=&#8221;default&#8221; theme_builder_area=&#8221;post_content&#8221; hover_enabled=&#8221;0&#8243; sticky_enabled=&#8221;0&#8243;]<\/p>\n<div class=\"xdj266r x14z9mp xat24cr x1lziwak x1vvkbs x126k92a\">\n<div dir=\"auto\"><strong>MOGGIO UDINESE, 29 MARZO 2026<\/strong><\/div>\n<div dir=\"auto\"><strong><\/strong><\/div>\n<div dir=\"auto\"><\/div>\n<div dir=\"auto\">Domenica 29 marzo 2026 si svolger\u00e0 a Dordolla in Val d&#8217;Aupa, a Moggio Udinese, la <strong>FESTA DEL BROVED\u00c2R<\/strong>.<\/div>\n<\/div>\n<div class=\"x14z9mp xat24cr x1lziwak x1vvkbs xtlvy1s x126k92a\">\n<div dir=\"auto\"><span class=\"html-span xexx8yu xyri2b x18d9i69 x1c1uobl x1hl2dhg x16tdsg8 x1vvkbs x3nfvp2 x1j61x8r x1fcty0u xdj266r xat24cr xm2jcoa x1mpyi22 xxymvpz xlup9mm x1kky2od\"><\/span><\/div>\n<div dir=\"auto\">Sar\u00e0 un&#8217;occasione per valorizzare questo prodotto del Paniere del <span class=\"html-span xdj266r x14z9mp xat24cr x1lziwak xexx8yu xyri2b x18d9i69 x1c1uobl x1hl2dhg x16tdsg8 x1vvkbs\"><a attributionsrc=\"\/privacy_sandbox\/comet\/register\/source\/?xt=AZZ-rKUkaUjss292Dr85uL-e_V0W-otp_5T1gmSntXCDYgL2kOP2Rp0T1TD9x_rHW7snMElvWIt5ZJeVu0je0tLOit6y3uuGhKFhzq6QdBU6YPVKL1EomSBJtRHyHjRLC_XmOpi1TF4qhWZ0Rfu4i0yLKWPSzFBgw0pndj97uN2D519e051-BG6FlxRhSv6HOc7V2_oZVt7GNSi99X0bCM5gbPjqRuCjzyrSovkVlQ2MMMJ4Oer2sdIrngfdSe2iBf8EU9SKJgdXqg3ixVkCbbF6-CMc6WUpWnUpFwPjIz3gxDh4pivBfxGhSRzhhlrJDwan_arJCBuPn9HUDdrDWRJWAc-FRJWsFG7V6SI0QB0rAxVrybl6l84W_xoq2gHtly0oaKF8snJU-J8c2wUdSYWLxSLvhLDtwxHrjvTdxejMHHkE7Y0YVqvOrx2Vlc7G4nFVLCJ8HSWe6MqOBX-RKgd4Z3u5QJC4PV9fDkZAdmP9vJkwhwj62kWRmWFx9IPfGR1lIizLhA-PhJi6R7ouWaH_5FgL84QTy1daji0bqnclIPeHi9nDJGTjBIcmj5JwiRLd123upOajia6WieVDxmNWIdE4Ms1EbeNxycQfO8Fm_IeNiWt_qN8X-pJ-u8e9Oq4z-BD6EJYTR1JoXa7sfAqikqy0_BMfBrPNYYRLILjYJoarJxRrxV5qxzAfj67CFfCV-4TnYMKl6Sbkyuxh0ghnYhttpF2a9TQ6lgPVtVISSetVOphuuJaXUQmVDZHYMoewFX25eN7Iq5GUUGXnVulHHezD-ocP_Z4Ofkc_b81hlxwVcvu7qhiAXUU2Uu_9mlkNQBlyLcRKEXxYXZmmnyrkW7PmTzHbH0yRiKRLtkm1Zvg3Uo2RFTEb9wFGUJidz1ng1dW8cJexKmx_bgQNa-7zLRAoUIY7moQZcCd7DECC1CmmIUmcqAF-K-3-zGuH3yYLVwk9o8CAwHKhnQNsHoCitrCUMWWkfbt_1vYuR6PCFae0aY2VAFaQ9rWQ5uMuwRETwi60zj_LttB578T8Mvec5W500e2sBodtgZNN4QAryIvJCAQ6BbrYhTwYeV3VpjGx5Zq9TBDR-SemeeAhg18wpq8p7VrnqhLahr4HeMX21f9XKeNUwoZNeI62gyGooqsspPxCAsv4bMjttwS-W3JoofBPha047_-sWT_6s1jhpTtWeruUyZJUflMlMBUEPE0o-gyczYCKI_LrDgK3vAWA9zd7Mjplrwo1iJMz-MDgi-Ij1-33OTSC44K14u7Zbwd2H28Z6MOV_Cxec6LuDqqdkV96lxuxpEkuQG67yOCWv9Meo2vi7pbj7URlplka6YwjWTkY1WhvZ0oPJbQG0kjAaZEOm0RbYdMPY1XDUhF9Ge5pD5Mcr9veBMrdCSuj69gZewcLvzAvEbh1QtqZXPm-w5J9SOOC9d9ILwlGd2dgXKFnKeAor5R1lJKdJiEkHQK73HGn8T45sskPxxrU1W0p3CJW3jDZEVaLGPrr1RxrYrxVsgF9VQO8q44iUs4C0ltuaV-2TuMjMP7719cYgnT_u5MHU1aCiowzAkjr-_lTntWqJ23xX7458ozkkJfmHVA3s0pnav1IzXY1LuuBppjEg-ZuVsG9zQZEUmQ4BAF_uNUXKDScse68dTzdJIYn4_EivM8IVZ0u5IHsDWGmr-EXfBdGdML0-nbyt2V9Rg--88YKw9FQClqet9rllElR9gQitL1Vyal2tUW41zk30z7bc505JVOHGdJBHFjyZOMYOeocyv0iQZsYCS1qH9HvH_0jQmVJN8hAZmKSB8TcCzCPX-Gmp6sYrbfg5ywr2Uf4jZZ0xH7J_znz7tacaQEwg6xXVAANbX37hjY_wG1XyjFHpIB3nwjtStgMcngtxf_nvQdv8iGvSPUA0CYIE_dPSQ2KSPnmcMVT_lgLxOSrC65D\" class=\"x1i10hfl xjbqb8w x1ejq31n x18oe1m7 x1sy0etr xstzfhl x972fbf x10w94by x1qhh985 x14e42zd x9f619 x1ypdohk xt0psk2 x3ct3a4 xdj266r x14z9mp xat24cr x1lziwak xexx8yu xyri2b x18d9i69 x1c1uobl x16tdsg8 x1hl2dhg xggy1nq x1a2a7pz xkrqix3 x1sur9pj x1fey0fg x1s688f\" href=\"https:\/\/www.facebook.com\/parconaturale.prealpigiulie?__cft__[0]=AZZX8mX48jTwxmm9PQAGwFhznsRxpXhKkTgWJH_Ji35P5NE5GkuM2tytV-fHCZJeLxL2XAq4AzsFDfj_uQ3bk6VhviZ27zEM5-6Gc-I8vVlEmaMr58XfMhoVEkUAr5NW2Mu2LZD9DHisNbw_EMqPc46C1Ww0KCDbgAwIblz0MYjqMC_tVKvgCYTocSounz1IsuA&amp;__tn__=-]K-R\" role=\"link\" tabindex=\"0\"><span class=\"xt0psk2\"><span class=\"xjp7ctv\"><span>Parco Naturale Prealpi Giulie<\/span><\/span><\/span><\/a><\/span> e Presidio Slow Food che deriva dalla lavorazione tradizionale di una variet\u00e0 di rapa (Brassica rapa) di piccolo taglio e a semina tardiva. Le rape vengono sbollentate e poi stratificate in piccoli mastelli di legno, dove fermentano fino a quando sono pronte per essere consumate.<\/div>\n<\/div>\n<div class=\"x14z9mp xat24cr x1lziwak x1vvkbs xtlvy1s x126k92a\">\n<div dir=\"auto\">La produzione del Brovad\u00e2r \u00e8 prevalentemente casalinga, ma viene anche servito nei ristoranti del paese. Tipico della zona di Moggio Udinese, un paese circondato dalle Alpi Giulie e Carniche che si trova alla confluenza tra il Canal del Ferro e la Val d\u2019Aupa, si pu\u00f2 utilizzare sia per cucinare il tipico minestrone sia come contorno in padella.<\/div>\n<\/div>\n<p>[\/et_pb_text][\/et_pb_column][\/et_pb_row][et_pb_row _builder_version=&#8221;4.27.5&#8243; _module_preset=&#8221;default&#8221; theme_builder_area=&#8221;post_content&#8221;][et_pb_column _builder_version=&#8221;4.27.5&#8243; _module_preset=&#8221;default&#8221; type=&#8221;4_4&#8243; theme_builder_area=&#8221;post_content&#8221;][et_pb_image src=&#8221;https:\/\/biosferaalpigiulie.it\/wp-content\/uploads\/2026\/03\/locandinaFestaDelBrovadar2026.jpg&#8221; _builder_version=&#8221;4.27.5&#8243; _module_preset=&#8221;default&#8221; theme_builder_area=&#8221;post_content&#8221; title_text=&#8221;locandinaFestaDelBrovadar2026&#8243; hover_enabled=&#8221;0&#8243; sticky_enabled=&#8221;0&#8243;][\/et_pb_image][\/et_pb_column][\/et_pb_row][\/et_pb_section]<\/p>\n","protected":false},"excerpt":{"rendered":"<p>MOGGIO UDINESE, 29 MARZO 2026 Domenica 29 marzo 2026 si svolger\u00e0 a Dordolla in Val d&#8217;Aupa, a Moggio Udinese, la FESTA DEL BROVED\u00c2R. Sar\u00e0 un&#8217;occasione per valorizzare questo prodotto del Paniere del Parco Naturale Prealpi Giulie e Presidio Slow Food che deriva dalla lavorazione tradizionale di una variet\u00e0 di rapa (Brassica rapa) di piccolo taglio [&hellip;]<\/p>\n","protected":false},"author":2,"featured_media":2539,"comment_status":"closed","ping_status":"closed","sticky":false,"template":"","format":"standard","meta":{"_et_pb_use_builder":"on","_et_pb_old_content":"","_et_gb_content_width":"","footnotes":""},"categories":[12],"tags":[],"class_list":["post-2538","post","type-post","status-publish","format-standard","has-post-thumbnail","hentry","category-news"],"_links":{"self":[{"href":"https:\/\/biosferaalpigiulie.it\/en\/wp-json\/wp\/v2\/posts\/2538","targetHints":{"allow":["GET"]}}],"collection":[{"href":"https:\/\/biosferaalpigiulie.it\/en\/wp-json\/wp\/v2\/posts"}],"about":[{"href":"https:\/\/biosferaalpigiulie.it\/en\/wp-json\/wp\/v2\/types\/post"}],"author":[{"embeddable":true,"href":"https:\/\/biosferaalpigiulie.it\/en\/wp-json\/wp\/v2\/users\/2"}],"replies":[{"embeddable":true,"href":"https:\/\/biosferaalpigiulie.it\/en\/wp-json\/wp\/v2\/comments?post=2538"}],"version-history":[{"count":3,"href":"https:\/\/biosferaalpigiulie.it\/en\/wp-json\/wp\/v2\/posts\/2538\/revisions"}],"predecessor-version":[{"id":2545,"href":"https:\/\/biosferaalpigiulie.it\/en\/wp-json\/wp\/v2\/posts\/2538\/revisions\/2545"}],"wp:featuredmedia":[{"embeddable":true,"href":"https:\/\/biosferaalpigiulie.it\/en\/wp-json\/wp\/v2\/media\/2539"}],"wp:attachment":[{"href":"https:\/\/biosferaalpigiulie.it\/en\/wp-json\/wp\/v2\/media?parent=2538"}],"wp:term":[{"taxonomy":"category","embeddable":true,"href":"https:\/\/biosferaalpigiulie.it\/en\/wp-json\/wp\/v2\/categories?post=2538"},{"taxonomy":"post_tag","embeddable":true,"href":"https:\/\/biosferaalpigiulie.it\/en\/wp-json\/wp\/v2\/tags?post=2538"}],"curies":[{"name":"wp","href":"https:\/\/api.w.org\/{rel}","templated":true}]}}