{"id":2326,"date":"2026-01-28T17:14:45","date_gmt":"2026-01-28T16:14:45","guid":{"rendered":"https:\/\/biosferaalpigiulie.it\/?p=2326"},"modified":"2026-01-28T17:15:21","modified_gmt":"2026-01-28T16:15:21","slug":"okul-nas-le-prime-visioni-nei-cinema-del-friuli-venezia-giulia","status":"publish","type":"post","link":"https:\/\/biosferaalpigiulie.it\/en\/okul-nas-le-prime-visioni-nei-cinema-del-friuli-venezia-giulia\/","title":{"rendered":"OKUL NAS \u2013 Le prime visioni nei cinema del Friuli Venezia Giulia"},"content":{"rendered":"<p>[et_pb_section fb_built=&#8221;1&#8243; theme_builder_area=&#8221;post_content&#8221; _builder_version=&#8221;4.27.5&#8243; _module_preset=&#8221;default&#8221;][et_pb_row _builder_version=&#8221;4.27.5&#8243; _module_preset=&#8221;default&#8221; theme_builder_area=&#8221;post_content&#8221;][et_pb_column _builder_version=&#8221;4.27.5&#8243; _module_preset=&#8221;default&#8221; type=&#8221;4_4&#8243; theme_builder_area=&#8221;post_content&#8221;][et_pb_text _builder_version=&#8221;4.27.5&#8243; _module_preset=&#8221;default&#8221; theme_builder_area=&#8221;post_content&#8221; hover_enabled=&#8221;0&#8243; sticky_enabled=&#8221;0&#8243;]<\/p>\n<div class=\"xdj266r x14z9mp xat24cr x1lziwak x1vvkbs x126k92a\">\n<div dir=\"auto\">Il docu-film &#8220;\u00d6kul N\u00e4s&#8221; diretto da Enrico Micelli inizia il suo percorso di prime visioni in alcuni importanti cinema della regione, compresi quelli presenti nelle aree montane, portando sul grande schermo lo sguardo autentico di una valle di confine.<\/div>\n<\/div>\n<div class=\"x14z9mp xat24cr x1lziwak x1vvkbs xtlvy1s x126k92a\">\n<div dir=\"auto\">\u201c&#8221;\u00d6kul N\u00e4s&#8221;\u201d significa attorno a noi: \u00e8 un racconto corale che nasce dalla Val Resia, dalle sue persone, dalla sua lingua, dai suoi paesaggi e dalla memoria che ancora oggi vive nei gesti quotidiani e nelle tradizioni.<\/div>\n<\/div>\n<div class=\"x14z9mp xat24cr x1lziwak x1vvkbs xtlvy1s x126k92a\">\n<div dir=\"auto\">Le proiezioni arrivano in un momento particolarmente significativo, alla vigilia dei festeggiamenti del Carnevale resiano, una delle espressioni culturali pi\u00f9 vive e identitarie della valle, e diventano un\u2019occasione per avvicinarsi a una comunit\u00e0 che ha saputo custodire la propria autenticit\u00e0 nel tempo.<\/div>\n<\/div>\n<div class=\"x14z9mp xat24cr x1lziwak x1vvkbs xtlvy1s x126k92a\">\n<div dir=\"auto\">La Val Resia, sede del Parco Naturale delle Prealpi Giulie e parte della Riserva della Biosfera MAB UNESCO Alpi Giulie, \u00e8 un territorio dove natura e cultura si intrecciano in modo profondo: questo film \u00e8 un invito ad ascoltare, osservare e conoscere una valle che non si mostra, ma si racconta.<\/div>\n<\/div>\n<div class=\"x14z9mp xat24cr x1lziwak x1vvkbs xtlvy1s x126k92a\">\n<div dir=\"auto\">&#8220;\u00d6kul N\u00e4s&#8221; \u00e8 un progetto finanziato dall&#8217;Ecomuseo Val Resia.<\/div>\n<\/div>\n<p>[\/et_pb_text][\/et_pb_column][\/et_pb_row][et_pb_row _builder_version=&#8221;4.27.5&#8243; _module_preset=&#8221;default&#8221; theme_builder_area=&#8221;post_content&#8221;][et_pb_column _builder_version=&#8221;4.27.5&#8243; _module_preset=&#8221;default&#8221; type=&#8221;4_4&#8243; theme_builder_area=&#8221;post_content&#8221;][et_pb_image src=&#8221;https:\/\/biosferaalpigiulie.it\/wp-content\/uploads\/2026\/01\/Okul_nas_cinema_2026.jpg&#8221; _builder_version=&#8221;4.27.5&#8243; _module_preset=&#8221;default&#8221; theme_builder_area=&#8221;post_content&#8221; title_text=&#8221;Okul_nas_cinema_2026&#8243; hover_enabled=&#8221;0&#8243; sticky_enabled=&#8221;0&#8243;][\/et_pb_image][\/et_pb_column][\/et_pb_row][\/et_pb_section]<\/p>\n","protected":false},"excerpt":{"rendered":"<p>Il docu-film &#8220;\u00d6kul N\u00e4s&#8221; diretto da Enrico Micelli inizia il suo percorso di prime visioni in alcuni importanti cinema della regione, compresi quelli presenti nelle aree montane, portando sul grande schermo lo sguardo autentico di una valle di confine. \u201c&#8221;\u00d6kul N\u00e4s&#8221;\u201d significa attorno a noi: \u00e8 un racconto corale che nasce dalla Val Resia, dalle [&hellip;]<\/p>\n","protected":false},"author":2,"featured_media":2327,"comment_status":"closed","ping_status":"closed","sticky":false,"template":"","format":"standard","meta":{"_et_pb_use_builder":"on","_et_pb_old_content":"","_et_gb_content_width":"","footnotes":""},"categories":[12],"tags":[34,31],"class_list":["post-2326","post","type-post","status-publish","format-standard","has-post-thumbnail","hentry","category-news","tag-parco-naturale-prealpi-giulie","tag-riserva-della-biosfera-alpi-giulie"],"_links":{"self":[{"href":"https:\/\/biosferaalpigiulie.it\/en\/wp-json\/wp\/v2\/posts\/2326","targetHints":{"allow":["GET"]}}],"collection":[{"href":"https:\/\/biosferaalpigiulie.it\/en\/wp-json\/wp\/v2\/posts"}],"about":[{"href":"https:\/\/biosferaalpigiulie.it\/en\/wp-json\/wp\/v2\/types\/post"}],"author":[{"embeddable":true,"href":"https:\/\/biosferaalpigiulie.it\/en\/wp-json\/wp\/v2\/users\/2"}],"replies":[{"embeddable":true,"href":"https:\/\/biosferaalpigiulie.it\/en\/wp-json\/wp\/v2\/comments?post=2326"}],"version-history":[{"count":3,"href":"https:\/\/biosferaalpigiulie.it\/en\/wp-json\/wp\/v2\/posts\/2326\/revisions"}],"predecessor-version":[{"id":2333,"href":"https:\/\/biosferaalpigiulie.it\/en\/wp-json\/wp\/v2\/posts\/2326\/revisions\/2333"}],"wp:featuredmedia":[{"embeddable":true,"href":"https:\/\/biosferaalpigiulie.it\/en\/wp-json\/wp\/v2\/media\/2327"}],"wp:attachment":[{"href":"https:\/\/biosferaalpigiulie.it\/en\/wp-json\/wp\/v2\/media?parent=2326"}],"wp:term":[{"taxonomy":"category","embeddable":true,"href":"https:\/\/biosferaalpigiulie.it\/en\/wp-json\/wp\/v2\/categories?post=2326"},{"taxonomy":"post_tag","embeddable":true,"href":"https:\/\/biosferaalpigiulie.it\/en\/wp-json\/wp\/v2\/tags?post=2326"}],"curies":[{"name":"wp","href":"https:\/\/api.w.org\/{rel}","templated":true}]}}