{"id":2314,"date":"2026-01-19T12:35:16","date_gmt":"2026-01-19T11:35:16","guid":{"rendered":"https:\/\/biosferaalpigiulie.it\/?p=2314"},"modified":"2026-01-19T12:36:05","modified_gmt":"2026-01-19T11:36:05","slug":"pust-2026-un-carnevale-da-vivere-nellanima","status":"publish","type":"post","link":"https:\/\/biosferaalpigiulie.it\/en\/pust-2026-un-carnevale-da-vivere-nellanima\/","title":{"rendered":"P\u00dcST 2026 \u2013 UN CARNEVALE DA VIVERE NELL\u2019ANIMA"},"content":{"rendered":"<p>[et_pb_section fb_built=&#8221;1&#8243; theme_builder_area=&#8221;post_content&#8221; _builder_version=&#8221;4.27.4&#8243; _module_preset=&#8221;default&#8221;][et_pb_row _builder_version=&#8221;4.27.4&#8243; _module_preset=&#8221;default&#8221; theme_builder_area=&#8221;post_content&#8221;][et_pb_column _builder_version=&#8221;4.27.4&#8243; _module_preset=&#8221;default&#8221; type=&#8221;4_4&#8243; theme_builder_area=&#8221;post_content&#8221;][et_pb_text _builder_version=&#8221;4.27.4&#8243; _module_preset=&#8221;default&#8221; theme_builder_area=&#8221;post_content&#8221; hover_enabled=&#8221;0&#8243; sticky_enabled=&#8221;0&#8243;]<\/p>\n<div class=\"x14z9mp xat24cr x1lziwak x1vvkbs xtlvy1s x126k92a\">\n<div dir=\"auto\">Il Carnevale in Val Resia, noto come P\u00fcst, \u00e8 una delle manifestazioni pi\u00f9 importanti e sentite della comunit\u00e0 locale. Ancora oggi riesce a coinvolgere giovani e meno giovani, mantenendo viva una tradizione secolare fatta di danza, musica e maschere uniche nel loro genere.<\/div>\n<div dir=\"auto\"><\/div>\n<div dir=\"auto\"><\/div>\n<div dir=\"auto\"><\/div>\n<div dir=\"auto\"><\/div>\n<\/div>\n<div class=\"x14z9mp xat24cr x1lziwak x1vvkbs xtlvy1s x126k92a\">\n<div dir=\"auto\"><\/div>\n<div dir=\"auto\">Il Carnevale resiano si articola nei suoi \ud835\ude62\ud835\ude64\ud835\ude62\ud835\ude5a\ud835\ude63\ud835\ude69\ud835\ude5e \ud835\ude65\ud835\ude67\ud835\ude5e\ud835\ude63\ud835\ude58\ud835\ude5e\ud835\ude65\ud835\ude56\ud835\ude61\ud835\ude5e:<\/div>\n<div dir=\"auto\">\u2022 Gioved\u00ec Grasso (Jojba Grasa)<\/div>\n<div dir=\"auto\">\u2022 Sabato sera e Domenica di Carnevale (P\u00fcstawa Nad\u00ebja)<\/div>\n<div dir=\"auto\">\u2022 Luned\u00ec e Marted\u00ec Grasso (Vil\u00efki P\u00fcst)<\/div>\n<div dir=\"auto\">\u2022 Mercoled\u00ec delle Ceneri (Te din na p\u00ebp\u00ebl), con il rogo del Babaz, simbolo della fine di un ciclo e dell\u2019inizio di uno nuovo.<\/div>\n<\/div>\n<div class=\"x14z9mp xat24cr x1lziwak x1vvkbs xtlvy1s x126k92a\">\n<div dir=\"auto\"><\/div>\n<div dir=\"auto\">LA MUSICA E LA DANZA: IL CUORE DEL P\u00dcST<\/div>\n<div dir=\"auto\">L\u2019elemento centrale del Carnevale resiano \u00e8 la \ud835\ude59\ud835\ude56\ud835\ude63\ud835\ude6f\ud835\ude56, che si prolunga per ore nelle osterie e negli spazi dedicati ai festeggiamenti. Tempo permettendo, si balla anche all\u2019aperto, in particolare la domenica pomeriggio. Il ritmo travolgente \u00e8 scandito dai tipici strumenti musicali resiani:<\/div>\n<div dir=\"auto\"><span class=\"html-span xexx8yu xyri2b x18d9i69 x1c1uobl x1hl2dhg x16tdsg8 x1vvkbs x3nfvp2 x1j61x8r x1fcty0u xdj266r xat24cr xm2jcoa x1mpyi22 xxymvpz xlup9mm x1kky2od\"><img loading=\"lazy\" decoding=\"async\" height=\"16\" width=\"16\" class=\"xz74otr x15mokao x1ga7v0g x16uus16 xbiv7yw\" alt=\"\ud83c\udfbb\" referrerpolicy=\"origin-when-cross-origin\" src=\"https:\/\/static.xx.fbcdn.net\/images\/emoji.php\/v9\/t4b\/1\/16\/1f3bb.png\" \/><\/span> La c\u00eftira (zitira) \u2013 il violino resiano<\/div>\n<div dir=\"auto\"><span class=\"html-span xexx8yu xyri2b x18d9i69 x1c1uobl x1hl2dhg x16tdsg8 x1vvkbs x3nfvp2 x1j61x8r x1fcty0u xdj266r xat24cr xm2jcoa x1mpyi22 xxymvpz xlup9mm x1kky2od\"><img loading=\"lazy\" decoding=\"async\" height=\"16\" width=\"16\" class=\"xz74otr x15mokao x1ga7v0g x16uus16 xbiv7yw\" alt=\"\ud83c\udfbb\" referrerpolicy=\"origin-when-cross-origin\" src=\"https:\/\/static.xx.fbcdn.net\/images\/emoji.php\/v9\/t4b\/1\/16\/1f3bb.png\" \/><\/span> La b\u00fcnkula \u2013 il violoncello resiano<\/div>\n<div dir=\"auto\"><\/div>\n<div dir=\"auto\">LE MASCHERE TRADIZIONALI<\/div>\n<\/div>\n<div class=\"x14z9mp xat24cr x1lziwak x1vvkbs xtlvy1s x126k92a\">\n<div dir=\"auto\">Le maschere del Carnevale resiano sono un elemento distintivo della festa:<\/div>\n<div dir=\"auto\">\ud835\ude4f\ud835\ude5a \ud835\ude61\ud835\ude5e\ud835\ude65\ud835\ude5a \ud835\ude57\ud835\ude5e\ud835\ude61\ud835\ude5a \ud835\ude62\ud835\ude56\ud835\ude68\u030c\ud835\ude60\ud835\ude5e\ud835\ude67\ud835\ude5a (Le belle maschere bianche) \u2013 Indossano cappelli alti adornati di fiori di carta colorata e piccoli sonagli. Sono le pi\u00f9 note e vengono presentate anche nelle esibizioni del Gruppo Folkloristico Val Resia.<\/div>\n<div dir=\"auto\">\ud835\ude44 \ud835\ude57\ud835\ude56\ud835\ude57\ud835\ude56\ud835\ude58\ud835\ude5e\/\ud835\ude60\ud835\ude6a\ud835\ude60\ud835\ude56\ud835\ude58\ud835\ude5e (\ud835\ude57\ud835\ude56\ud835\ude57\ud835\ude56\ud835\ude6f\ud835\ude5e\/\ud835\ude60\ud835\ude6a\ud835\ude60\ud835\ude56\ud835\ude6f\ud835\ude5e) \u2013 Le maschere brutte, grottesche e misteriose, che contribuiscono a creare l\u2019atmosfera suggestiva del Carnevale.<\/div>\n<div dir=\"auto\"><\/div>\n<div dir=\"auto\">Cibo tipico &amp; musei aperti per scoprire la cultura resiana!<\/div>\n<div dir=\"auto\"><\/div>\n<div dir=\"auto\"><\/div>\n<\/div>\n<div class=\"x14z9mp xat24cr x1lziwak x1vvkbs xtlvy1s x126k92a\">\n<div dir=\"auto\"><span class=\"html-span xexx8yu xyri2b x18d9i69 x1c1uobl x1hl2dhg x16tdsg8 x1vvkbs x3nfvp2 x1j61x8r x1fcty0u xdj266r xat24cr xm2jcoa x1mpyi22 xxymvpz xlup9mm x1kky2od\"><img loading=\"lazy\" decoding=\"async\" height=\"16\" width=\"16\" class=\"xz74otr x15mokao x1ga7v0g x16uus16 xbiv7yw\" alt=\"\ud83d\udce9\" referrerpolicy=\"origin-when-cross-origin\" src=\"https:\/\/static.xx.fbcdn.net\/images\/emoji.php\/v9\/tc0\/1\/16\/1f4e9.png\" \/><\/span> Info &amp; contatti: proloco.provalresia@gmail.com<\/div>\n<div dir=\"auto\"><span class=\"html-span xexx8yu xyri2b x18d9i69 x1c1uobl x1hl2dhg x16tdsg8 x1vvkbs x3nfvp2 x1j61x8r x1fcty0u xdj266r xat24cr xm2jcoa x1mpyi22 xxymvpz xlup9mm x1kky2od\"><img loading=\"lazy\" decoding=\"async\" height=\"16\" width=\"16\" class=\"xz74otr x15mokao x1ga7v0g x16uus16 xbiv7yw\" alt=\"\ud83d\udcde\" referrerpolicy=\"origin-when-cross-origin\" src=\"https:\/\/static.xx.fbcdn.net\/images\/emoji.php\/v9\/t4d\/1\/16\/1f4de.png\" \/><\/span> +39 335 711 8382<\/div>\n<\/div>\n<p>[\/et_pb_text][\/et_pb_column][\/et_pb_row][et_pb_row _builder_version=&#8221;4.27.4&#8243; _module_preset=&#8221;default&#8221; theme_builder_area=&#8221;post_content&#8221;][et_pb_column _builder_version=&#8221;4.27.4&#8243; _module_preset=&#8221;default&#8221; type=&#8221;4_4&#8243; theme_builder_area=&#8221;post_content&#8221;][et_pb_image src=&#8221;https:\/\/biosferaalpigiulie.it\/wp-content\/uploads\/2026\/01\/Locandina_Pust-2026.jpg&#8221; _builder_version=&#8221;4.27.4&#8243; _module_preset=&#8221;default&#8221; theme_builder_area=&#8221;post_content&#8221; alt=&#8221;Locandina_Pust 2026&#8243; title_text=&#8221;Locandina_Pust 2026&#8243; hover_enabled=&#8221;0&#8243; sticky_enabled=&#8221;0&#8243;][\/et_pb_image][\/et_pb_column][\/et_pb_row][\/et_pb_section]<\/p>\n","protected":false},"excerpt":{"rendered":"<p>Il Carnevale in Val Resia, noto come P\u00fcst, \u00e8 una delle manifestazioni pi\u00f9 importanti e sentite della comunit\u00e0 locale. Ancora oggi riesce a coinvolgere giovani e meno giovani, mantenendo viva una tradizione secolare fatta di danza, musica e maschere uniche nel loro genere. Il Carnevale resiano si articola nei suoi \ud835\ude62\ud835\ude64\ud835\ude62\ud835\ude5a\ud835\ude63\ud835\ude69\ud835\ude5e \ud835\ude65\ud835\ude67\ud835\ude5e\ud835\ude63\ud835\ude58\ud835\ude5e\ud835\ude65\ud835\ude56\ud835\ude61\ud835\ude5e: \u2022 Gioved\u00ec Grasso [&hellip;]<\/p>\n","protected":false},"author":2,"featured_media":2320,"comment_status":"closed","ping_status":"closed","sticky":false,"template":"","format":"standard","meta":{"_et_pb_use_builder":"on","_et_pb_old_content":"","_et_gb_content_width":"","footnotes":""},"categories":[12],"tags":[],"class_list":["post-2314","post","type-post","status-publish","format-standard","has-post-thumbnail","hentry","category-news"],"_links":{"self":[{"href":"https:\/\/biosferaalpigiulie.it\/en\/wp-json\/wp\/v2\/posts\/2314","targetHints":{"allow":["GET"]}}],"collection":[{"href":"https:\/\/biosferaalpigiulie.it\/en\/wp-json\/wp\/v2\/posts"}],"about":[{"href":"https:\/\/biosferaalpigiulie.it\/en\/wp-json\/wp\/v2\/types\/post"}],"author":[{"embeddable":true,"href":"https:\/\/biosferaalpigiulie.it\/en\/wp-json\/wp\/v2\/users\/2"}],"replies":[{"embeddable":true,"href":"https:\/\/biosferaalpigiulie.it\/en\/wp-json\/wp\/v2\/comments?post=2314"}],"version-history":[{"count":5,"href":"https:\/\/biosferaalpigiulie.it\/en\/wp-json\/wp\/v2\/posts\/2314\/revisions"}],"predecessor-version":[{"id":2323,"href":"https:\/\/biosferaalpigiulie.it\/en\/wp-json\/wp\/v2\/posts\/2314\/revisions\/2323"}],"wp:featuredmedia":[{"embeddable":true,"href":"https:\/\/biosferaalpigiulie.it\/en\/wp-json\/wp\/v2\/media\/2320"}],"wp:attachment":[{"href":"https:\/\/biosferaalpigiulie.it\/en\/wp-json\/wp\/v2\/media?parent=2314"}],"wp:term":[{"taxonomy":"category","embeddable":true,"href":"https:\/\/biosferaalpigiulie.it\/en\/wp-json\/wp\/v2\/categories?post=2314"},{"taxonomy":"post_tag","embeddable":true,"href":"https:\/\/biosferaalpigiulie.it\/en\/wp-json\/wp\/v2\/tags?post=2314"}],"curies":[{"name":"wp","href":"https:\/\/api.w.org\/{rel}","templated":true}]}}